{"id":1602,"date":"2024-09-17T14:35:37","date_gmt":"2024-09-17T14:35:37","guid":{"rendered":"https:\/\/www.digepres.gob.do\/fotos\/?p=1602"},"modified":"2024-09-19T14:39:51","modified_gmt":"2024-09-19T14:39:51","slug":"capacitacion-comision-etica","status":"publish","type":"post","link":"https:\/\/www.digepres.gob.do\/fotos\/capacitacion-comision-etica\/","title":{"rendered":"Capacitaci\u00f3n comisi\u00f3n \u00e9tica"},"content":{"rendered":"\n<figure class=\"wp-block-gallery has-nested-images columns-default is-cropped wp-block-gallery-1 is-layout-flex wp-block-gallery-is-layout-flex\">\n<figure class=\"wp-block-image size-large\"><img fetchpriority=\"high\" decoding=\"async\" width=\"1024\" height=\"681\" data-id=\"1614\" src=\"https:\/\/www.digepres.gob.do\/fotos\/wp-content\/uploads\/2024\/09\/Capacitacio\u0301n-comisio\u0301n-e\u0301ticaIMG_8337-1024x681.jpg\" alt=\"\" class=\"wp-image-1614\" srcset=\"https:\/\/www.digepres.gob.do\/fotos\/wp-content\/uploads\/2024\/09\/Capacitacio\u0301n-comisio\u0301n-e\u0301ticaIMG_8337-1024x681.jpg 1024w, https:\/\/www.digepres.gob.do\/fotos\/wp-content\/uploads\/2024\/09\/Capacitacio\u0301n-comisio\u0301n-e\u0301ticaIMG_8337-300x200.jpg 300w, https:\/\/www.digepres.gob.do\/fotos\/wp-content\/uploads\/2024\/09\/Capacitacio\u0301n-comisio\u0301n-e\u0301ticaIMG_8337-768x511.jpg 768w, https:\/\/www.digepres.gob.do\/fotos\/wp-content\/uploads\/2024\/09\/Capacitacio\u0301n-comisio\u0301n-e\u0301ticaIMG_8337-1536x1022.jpg 1536w, https:\/\/www.digepres.gob.do\/fotos\/wp-content\/uploads\/2024\/09\/Capacitacio\u0301n-comisio\u0301n-e\u0301ticaIMG_8337-2048x1363.jpg 2048w\" sizes=\"(max-width: 1024px) 100vw, 1024px\" \/><\/figure>\n\n\n\n<figure class=\"wp-block-image size-large\"><img decoding=\"async\" width=\"1024\" height=\"681\" data-id=\"1617\" src=\"https:\/\/www.digepres.gob.do\/fotos\/wp-content\/uploads\/2024\/09\/Capacitacio\u0301n-comisio\u0301n-e\u0301ticaIMG_8340-1024x681.jpg\" alt=\"\" class=\"wp-image-1617\" srcset=\"https:\/\/www.digepres.gob.do\/fotos\/wp-content\/uploads\/2024\/09\/Capacitacio\u0301n-comisio\u0301n-e\u0301ticaIMG_8340-1024x681.jpg 1024w, https:\/\/www.digepres.gob.do\/fotos\/wp-content\/uploads\/2024\/09\/Capacitacio\u0301n-comisio\u0301n-e\u0301ticaIMG_8340-300x200.jpg 300w, https:\/\/www.digepres.gob.do\/fotos\/wp-content\/uploads\/2024\/09\/Capacitacio\u0301n-comisio\u0301n-e\u0301ticaIMG_8340-768x511.jpg 768w, https:\/\/www.digepres.gob.do\/fotos\/wp-content\/uploads\/2024\/09\/Capacitacio\u0301n-comisio\u0301n-e\u0301ticaIMG_8340-1536x1022.jpg 1536w, https:\/\/www.digepres.gob.do\/fotos\/wp-content\/uploads\/2024\/09\/Capacitacio\u0301n-comisio\u0301n-e\u0301ticaIMG_8340-2048x1363.jpg 2048w\" sizes=\"(max-width: 1024px) 100vw, 1024px\" \/><\/figure>\n\n\n\n<figure class=\"wp-block-image size-large\"><img decoding=\"async\" width=\"1024\" height=\"681\" data-id=\"1612\" src=\"https:\/\/www.digepres.gob.do\/fotos\/wp-content\/uploads\/2024\/09\/Capacitacio\u0301n-comisio\u0301n-e\u0301ticaIMG_8354-1024x681.jpg\" alt=\"\" class=\"wp-image-1612\" srcset=\"https:\/\/www.digepres.gob.do\/fotos\/wp-content\/uploads\/2024\/09\/Capacitacio\u0301n-comisio\u0301n-e\u0301ticaIMG_8354-1024x681.jpg 1024w, https:\/\/www.digepres.gob.do\/fotos\/wp-content\/uploads\/2024\/09\/Capacitacio\u0301n-comisio\u0301n-e\u0301ticaIMG_8354-300x200.jpg 300w, https:\/\/www.digepres.gob.do\/fotos\/wp-content\/uploads\/2024\/09\/Capacitacio\u0301n-comisio\u0301n-e\u0301ticaIMG_8354-768x511.jpg 768w, https:\/\/www.digepres.gob.do\/fotos\/wp-content\/uploads\/2024\/09\/Capacitacio\u0301n-comisio\u0301n-e\u0301ticaIMG_8354-1536x1022.jpg 1536w, https:\/\/www.digepres.gob.do\/fotos\/wp-content\/uploads\/2024\/09\/Capacitacio\u0301n-comisio\u0301n-e\u0301ticaIMG_8354-2048x1363.jpg 2048w\" sizes=\"(max-width: 1024px) 100vw, 1024px\" \/><\/figure>\n\n\n\n<figure class=\"wp-block-image size-large\"><img loading=\"lazy\" decoding=\"async\" width=\"1024\" height=\"681\" data-id=\"1604\" src=\"https:\/\/www.digepres.gob.do\/fotos\/wp-content\/uploads\/2024\/09\/Capacitacio\u0301n-comisio\u0301n-e\u0301ticaIMG_8358-1024x681.jpg\" alt=\"\" class=\"wp-image-1604\" srcset=\"https:\/\/www.digepres.gob.do\/fotos\/wp-content\/uploads\/2024\/09\/Capacitacio\u0301n-comisio\u0301n-e\u0301ticaIMG_8358-1024x681.jpg 1024w, https:\/\/www.digepres.gob.do\/fotos\/wp-content\/uploads\/2024\/09\/Capacitacio\u0301n-comisio\u0301n-e\u0301ticaIMG_8358-300x200.jpg 300w, https:\/\/www.digepres.gob.do\/fotos\/wp-content\/uploads\/2024\/09\/Capacitacio\u0301n-comisio\u0301n-e\u0301ticaIMG_8358-768x511.jpg 768w, https:\/\/www.digepres.gob.do\/fotos\/wp-content\/uploads\/2024\/09\/Capacitacio\u0301n-comisio\u0301n-e\u0301ticaIMG_8358-1536x1022.jpg 1536w, https:\/\/www.digepres.gob.do\/fotos\/wp-content\/uploads\/2024\/09\/Capacitacio\u0301n-comisio\u0301n-e\u0301ticaIMG_8358-2048x1363.jpg 2048w\" sizes=\"(max-width: 1024px) 100vw, 1024px\" \/><\/figure>\n\n\n\n<figure class=\"wp-block-image size-large\"><img loading=\"lazy\" decoding=\"async\" width=\"1024\" height=\"681\" data-id=\"1603\" src=\"https:\/\/www.digepres.gob.do\/fotos\/wp-content\/uploads\/2024\/09\/Capacitacio\u0301n-comisio\u0301n-e\u0301ticaIMG_8359-1024x681.jpg\" alt=\"\" class=\"wp-image-1603\" srcset=\"https:\/\/www.digepres.gob.do\/fotos\/wp-content\/uploads\/2024\/09\/Capacitacio\u0301n-comisio\u0301n-e\u0301ticaIMG_8359-1024x681.jpg 1024w, https:\/\/www.digepres.gob.do\/fotos\/wp-content\/uploads\/2024\/09\/Capacitacio\u0301n-comisio\u0301n-e\u0301ticaIMG_8359-300x200.jpg 300w, https:\/\/www.digepres.gob.do\/fotos\/wp-content\/uploads\/2024\/09\/Capacitacio\u0301n-comisio\u0301n-e\u0301ticaIMG_8359-768x511.jpg 768w, https:\/\/www.digepres.gob.do\/fotos\/wp-content\/uploads\/2024\/09\/Capacitacio\u0301n-comisio\u0301n-e\u0301ticaIMG_8359-1536x1022.jpg 1536w, https:\/\/www.digepres.gob.do\/fotos\/wp-content\/uploads\/2024\/09\/Capacitacio\u0301n-comisio\u0301n-e\u0301ticaIMG_8359-2048x1363.jpg 2048w\" sizes=\"(max-width: 1024px) 100vw, 1024px\" \/><\/figure>\n\n\n\n<figure class=\"wp-block-image size-large\"><img loading=\"lazy\" decoding=\"async\" width=\"1024\" height=\"681\" data-id=\"1610\" src=\"https:\/\/www.digepres.gob.do\/fotos\/wp-content\/uploads\/2024\/09\/Capacitacio\u0301n-comisio\u0301n-e\u0301ticaIMG_8361-1024x681.jpg\" alt=\"\" class=\"wp-image-1610\" srcset=\"https:\/\/www.digepres.gob.do\/fotos\/wp-content\/uploads\/2024\/09\/Capacitacio\u0301n-comisio\u0301n-e\u0301ticaIMG_8361-1024x681.jpg 1024w, https:\/\/www.digepres.gob.do\/fotos\/wp-content\/uploads\/2024\/09\/Capacitacio\u0301n-comisio\u0301n-e\u0301ticaIMG_8361-300x200.jpg 300w, https:\/\/www.digepres.gob.do\/fotos\/wp-content\/uploads\/2024\/09\/Capacitacio\u0301n-comisio\u0301n-e\u0301ticaIMG_8361-768x511.jpg 768w, https:\/\/www.digepres.gob.do\/fotos\/wp-content\/uploads\/2024\/09\/Capacitacio\u0301n-comisio\u0301n-e\u0301ticaIMG_8361-1536x1022.jpg 1536w, https:\/\/www.digepres.gob.do\/fotos\/wp-content\/uploads\/2024\/09\/Capacitacio\u0301n-comisio\u0301n-e\u0301ticaIMG_8361-2048x1363.jpg 2048w\" sizes=\"(max-width: 1024px) 100vw, 1024px\" \/><\/figure>\n\n\n\n<figure class=\"wp-block-image size-large\"><img loading=\"lazy\" decoding=\"async\" width=\"1024\" height=\"681\" data-id=\"1615\" src=\"https:\/\/www.digepres.gob.do\/fotos\/wp-content\/uploads\/2024\/09\/Capacitacio\u0301n-comisio\u0301n-e\u0301ticaIMG_8364-1024x681.jpg\" alt=\"\" class=\"wp-image-1615\" srcset=\"https:\/\/www.digepres.gob.do\/fotos\/wp-content\/uploads\/2024\/09\/Capacitacio\u0301n-comisio\u0301n-e\u0301ticaIMG_8364-1024x681.jpg 1024w, https:\/\/www.digepres.gob.do\/fotos\/wp-content\/uploads\/2024\/09\/Capacitacio\u0301n-comisio\u0301n-e\u0301ticaIMG_8364-300x200.jpg 300w, https:\/\/www.digepres.gob.do\/fotos\/wp-content\/uploads\/2024\/09\/Capacitacio\u0301n-comisio\u0301n-e\u0301ticaIMG_8364-768x511.jpg 768w, https:\/\/www.digepres.gob.do\/fotos\/wp-content\/uploads\/2024\/09\/Capacitacio\u0301n-comisio\u0301n-e\u0301ticaIMG_8364-1536x1022.jpg 1536w, https:\/\/www.digepres.gob.do\/fotos\/wp-content\/uploads\/2024\/09\/Capacitacio\u0301n-comisio\u0301n-e\u0301ticaIMG_8364-2048x1363.jpg 2048w\" sizes=\"(max-width: 1024px) 100vw, 1024px\" \/><\/figure>\n\n\n\n<figure class=\"wp-block-image size-large\"><img loading=\"lazy\" decoding=\"async\" width=\"1024\" height=\"681\" data-id=\"1608\" src=\"https:\/\/www.digepres.gob.do\/fotos\/wp-content\/uploads\/2024\/09\/Capacitacio\u0301n-comisio\u0301n-e\u0301ticaIMG_8367-1024x681.jpg\" alt=\"\" class=\"wp-image-1608\" srcset=\"https:\/\/www.digepres.gob.do\/fotos\/wp-content\/uploads\/2024\/09\/Capacitacio\u0301n-comisio\u0301n-e\u0301ticaIMG_8367-1024x681.jpg 1024w, https:\/\/www.digepres.gob.do\/fotos\/wp-content\/uploads\/2024\/09\/Capacitacio\u0301n-comisio\u0301n-e\u0301ticaIMG_8367-300x200.jpg 300w, https:\/\/www.digepres.gob.do\/fotos\/wp-content\/uploads\/2024\/09\/Capacitacio\u0301n-comisio\u0301n-e\u0301ticaIMG_8367-768x511.jpg 768w, https:\/\/www.digepres.gob.do\/fotos\/wp-content\/uploads\/2024\/09\/Capacitacio\u0301n-comisio\u0301n-e\u0301ticaIMG_8367-1536x1022.jpg 1536w, https:\/\/www.digepres.gob.do\/fotos\/wp-content\/uploads\/2024\/09\/Capacitacio\u0301n-comisio\u0301n-e\u0301ticaIMG_8367-2048x1363.jpg 2048w\" sizes=\"(max-width: 1024px) 100vw, 1024px\" \/><\/figure>\n\n\n\n<figure class=\"wp-block-image size-large\"><img loading=\"lazy\" decoding=\"async\" width=\"1024\" height=\"681\" data-id=\"1606\" src=\"https:\/\/www.digepres.gob.do\/fotos\/wp-content\/uploads\/2024\/09\/Capacitacio\u0301n-comisio\u0301n-e\u0301ticaIMG_8369-1024x681.jpg\" alt=\"\" class=\"wp-image-1606\" srcset=\"https:\/\/www.digepres.gob.do\/fotos\/wp-content\/uploads\/2024\/09\/Capacitacio\u0301n-comisio\u0301n-e\u0301ticaIMG_8369-1024x681.jpg 1024w, https:\/\/www.digepres.gob.do\/fotos\/wp-content\/uploads\/2024\/09\/Capacitacio\u0301n-comisio\u0301n-e\u0301ticaIMG_8369-300x200.jpg 300w, https:\/\/www.digepres.gob.do\/fotos\/wp-content\/uploads\/2024\/09\/Capacitacio\u0301n-comisio\u0301n-e\u0301ticaIMG_8369-768x511.jpg 768w, https:\/\/www.digepres.gob.do\/fotos\/wp-content\/uploads\/2024\/09\/Capacitacio\u0301n-comisio\u0301n-e\u0301ticaIMG_8369-1536x1022.jpg 1536w, https:\/\/www.digepres.gob.do\/fotos\/wp-content\/uploads\/2024\/09\/Capacitacio\u0301n-comisio\u0301n-e\u0301ticaIMG_8369-2048x1363.jpg 2048w\" sizes=\"(max-width: 1024px) 100vw, 1024px\" \/><\/figure>\n\n\n\n<figure class=\"wp-block-image size-large\"><img loading=\"lazy\" decoding=\"async\" width=\"1024\" height=\"681\" data-id=\"1605\" src=\"https:\/\/www.digepres.gob.do\/fotos\/wp-content\/uploads\/2024\/09\/Capacitacio\u0301n-comisio\u0301n-e\u0301ticaIMG_8370-1024x681.jpg\" alt=\"\" class=\"wp-image-1605\" srcset=\"https:\/\/www.digepres.gob.do\/fotos\/wp-content\/uploads\/2024\/09\/Capacitacio\u0301n-comisio\u0301n-e\u0301ticaIMG_8370-1024x681.jpg 1024w, https:\/\/www.digepres.gob.do\/fotos\/wp-content\/uploads\/2024\/09\/Capacitacio\u0301n-comisio\u0301n-e\u0301ticaIMG_8370-300x200.jpg 300w, https:\/\/www.digepres.gob.do\/fotos\/wp-content\/uploads\/2024\/09\/Capacitacio\u0301n-comisio\u0301n-e\u0301ticaIMG_8370-768x511.jpg 768w, https:\/\/www.digepres.gob.do\/fotos\/wp-content\/uploads\/2024\/09\/Capacitacio\u0301n-comisio\u0301n-e\u0301ticaIMG_8370-1536x1022.jpg 1536w, https:\/\/www.digepres.gob.do\/fotos\/wp-content\/uploads\/2024\/09\/Capacitacio\u0301n-comisio\u0301n-e\u0301ticaIMG_8370-2048x1363.jpg 2048w\" sizes=\"(max-width: 1024px) 100vw, 1024px\" \/><\/figure>\n\n\n\n<figure class=\"wp-block-image size-large\"><img loading=\"lazy\" decoding=\"async\" width=\"1024\" height=\"681\" data-id=\"1611\" src=\"https:\/\/www.digepres.gob.do\/fotos\/wp-content\/uploads\/2024\/09\/Capacitacio\u0301n-comisio\u0301n-e\u0301ticaIMG_8371-1024x681.jpg\" alt=\"\" class=\"wp-image-1611\" srcset=\"https:\/\/www.digepres.gob.do\/fotos\/wp-content\/uploads\/2024\/09\/Capacitacio\u0301n-comisio\u0301n-e\u0301ticaIMG_8371-1024x681.jpg 1024w, https:\/\/www.digepres.gob.do\/fotos\/wp-content\/uploads\/2024\/09\/Capacitacio\u0301n-comisio\u0301n-e\u0301ticaIMG_8371-300x200.jpg 300w, https:\/\/www.digepres.gob.do\/fotos\/wp-content\/uploads\/2024\/09\/Capacitacio\u0301n-comisio\u0301n-e\u0301ticaIMG_8371-768x511.jpg 768w, https:\/\/www.digepres.gob.do\/fotos\/wp-content\/uploads\/2024\/09\/Capacitacio\u0301n-comisio\u0301n-e\u0301ticaIMG_8371-1536x1022.jpg 1536w, https:\/\/www.digepres.gob.do\/fotos\/wp-content\/uploads\/2024\/09\/Capacitacio\u0301n-comisio\u0301n-e\u0301ticaIMG_8371-2048x1363.jpg 2048w\" sizes=\"(max-width: 1024px) 100vw, 1024px\" \/><\/figure>\n\n\n\n<figure class=\"wp-block-image size-large\"><img loading=\"lazy\" decoding=\"async\" width=\"1024\" height=\"681\" data-id=\"1613\" src=\"https:\/\/www.digepres.gob.do\/fotos\/wp-content\/uploads\/2024\/09\/Capacitacio\u0301n-comisio\u0301n-e\u0301ticaIMG_8373-1024x681.jpg\" alt=\"\" class=\"wp-image-1613\" srcset=\"https:\/\/www.digepres.gob.do\/fotos\/wp-content\/uploads\/2024\/09\/Capacitacio\u0301n-comisio\u0301n-e\u0301ticaIMG_8373-1024x681.jpg 1024w, https:\/\/www.digepres.gob.do\/fotos\/wp-content\/uploads\/2024\/09\/Capacitacio\u0301n-comisio\u0301n-e\u0301ticaIMG_8373-300x200.jpg 300w, https:\/\/www.digepres.gob.do\/fotos\/wp-content\/uploads\/2024\/09\/Capacitacio\u0301n-comisio\u0301n-e\u0301ticaIMG_8373-768x511.jpg 768w, https:\/\/www.digepres.gob.do\/fotos\/wp-content\/uploads\/2024\/09\/Capacitacio\u0301n-comisio\u0301n-e\u0301ticaIMG_8373-1536x1022.jpg 1536w, https:\/\/www.digepres.gob.do\/fotos\/wp-content\/uploads\/2024\/09\/Capacitacio\u0301n-comisio\u0301n-e\u0301ticaIMG_8373-2048x1363.jpg 2048w\" sizes=\"(max-width: 1024px) 100vw, 1024px\" \/><\/figure>\n\n\n\n<figure class=\"wp-block-image size-large\"><img loading=\"lazy\" decoding=\"async\" width=\"1024\" height=\"681\" data-id=\"1609\" src=\"https:\/\/www.digepres.gob.do\/fotos\/wp-content\/uploads\/2024\/09\/Capacitacio\u0301n-comisio\u0301n-e\u0301ticaIMG_8378-1024x681.jpg\" alt=\"\" class=\"wp-image-1609\" srcset=\"https:\/\/www.digepres.gob.do\/fotos\/wp-content\/uploads\/2024\/09\/Capacitacio\u0301n-comisio\u0301n-e\u0301ticaIMG_8378-1024x681.jpg 1024w, https:\/\/www.digepres.gob.do\/fotos\/wp-content\/uploads\/2024\/09\/Capacitacio\u0301n-comisio\u0301n-e\u0301ticaIMG_8378-300x200.jpg 300w, https:\/\/www.digepres.gob.do\/fotos\/wp-content\/uploads\/2024\/09\/Capacitacio\u0301n-comisio\u0301n-e\u0301ticaIMG_8378-768x511.jpg 768w, https:\/\/www.digepres.gob.do\/fotos\/wp-content\/uploads\/2024\/09\/Capacitacio\u0301n-comisio\u0301n-e\u0301ticaIMG_8378-1536x1022.jpg 1536w, https:\/\/www.digepres.gob.do\/fotos\/wp-content\/uploads\/2024\/09\/Capacitacio\u0301n-comisio\u0301n-e\u0301ticaIMG_8378-2048x1363.jpg 2048w\" sizes=\"(max-width: 1024px) 100vw, 1024px\" \/><\/figure>\n\n\n\n<figure class=\"wp-block-image size-large\"><img loading=\"lazy\" decoding=\"async\" width=\"1024\" height=\"681\" data-id=\"1607\" src=\"https:\/\/www.digepres.gob.do\/fotos\/wp-content\/uploads\/2024\/09\/Capacitacio\u0301n-comisio\u0301n-e\u0301ticaIMG_8383-1024x681.jpg\" alt=\"\" class=\"wp-image-1607\" srcset=\"https:\/\/www.digepres.gob.do\/fotos\/wp-content\/uploads\/2024\/09\/Capacitacio\u0301n-comisio\u0301n-e\u0301ticaIMG_8383-1024x681.jpg 1024w, https:\/\/www.digepres.gob.do\/fotos\/wp-content\/uploads\/2024\/09\/Capacitacio\u0301n-comisio\u0301n-e\u0301ticaIMG_8383-300x200.jpg 300w, https:\/\/www.digepres.gob.do\/fotos\/wp-content\/uploads\/2024\/09\/Capacitacio\u0301n-comisio\u0301n-e\u0301ticaIMG_8383-768x511.jpg 768w, https:\/\/www.digepres.gob.do\/fotos\/wp-content\/uploads\/2024\/09\/Capacitacio\u0301n-comisio\u0301n-e\u0301ticaIMG_8383-1536x1022.jpg 1536w, https:\/\/www.digepres.gob.do\/fotos\/wp-content\/uploads\/2024\/09\/Capacitacio\u0301n-comisio\u0301n-e\u0301ticaIMG_8383-2048x1363.jpg 2048w\" sizes=\"(max-width: 1024px) 100vw, 1024px\" \/><\/figure>\n\n\n\n<figure class=\"wp-block-image size-large\"><img loading=\"lazy\" decoding=\"async\" width=\"1024\" height=\"681\" data-id=\"1616\" src=\"https:\/\/www.digepres.gob.do\/fotos\/wp-content\/uploads\/2024\/09\/Capacitacio\u0301n-comisio\u0301n-e\u0301ticaIMG_8387-1024x681.jpg\" alt=\"\" class=\"wp-image-1616\" srcset=\"https:\/\/www.digepres.gob.do\/fotos\/wp-content\/uploads\/2024\/09\/Capacitacio\u0301n-comisio\u0301n-e\u0301ticaIMG_8387-1024x681.jpg 1024w, https:\/\/www.digepres.gob.do\/fotos\/wp-content\/uploads\/2024\/09\/Capacitacio\u0301n-comisio\u0301n-e\u0301ticaIMG_8387-300x200.jpg 300w, https:\/\/www.digepres.gob.do\/fotos\/wp-content\/uploads\/2024\/09\/Capacitacio\u0301n-comisio\u0301n-e\u0301ticaIMG_8387-768x511.jpg 768w, https:\/\/www.digepres.gob.do\/fotos\/wp-content\/uploads\/2024\/09\/Capacitacio\u0301n-comisio\u0301n-e\u0301ticaIMG_8387-1536x1022.jpg 1536w, https:\/\/www.digepres.gob.do\/fotos\/wp-content\/uploads\/2024\/09\/Capacitacio\u0301n-comisio\u0301n-e\u0301ticaIMG_8387-2048x1363.jpg 2048w\" sizes=\"(max-width: 1024px) 100vw, 1024px\" \/><\/figure>\n<\/figure>\n\n\n\n<figure class=\"wp-block-gallery has-nested-images columns-default is-cropped wp-block-gallery-2 is-layout-flex wp-block-gallery-is-layout-flex\">\n<figure class=\"wp-block-image size-large\"><img loading=\"lazy\" decoding=\"async\" width=\"1024\" height=\"681\" data-id=\"1634\" src=\"https:\/\/www.digepres.gob.do\/fotos\/wp-content\/uploads\/2024\/09\/Capacitacio\u0301n-comisio\u0301n-e\u0301ticaIMG_8389-1-1024x681.jpg\" alt=\"\" class=\"wp-image-1634\" srcset=\"https:\/\/www.digepres.gob.do\/fotos\/wp-content\/uploads\/2024\/09\/Capacitacio\u0301n-comisio\u0301n-e\u0301ticaIMG_8389-1-1024x681.jpg 1024w, https:\/\/www.digepres.gob.do\/fotos\/wp-content\/uploads\/2024\/09\/Capacitacio\u0301n-comisio\u0301n-e\u0301ticaIMG_8389-1-300x200.jpg 300w, https:\/\/www.digepres.gob.do\/fotos\/wp-content\/uploads\/2024\/09\/Capacitacio\u0301n-comisio\u0301n-e\u0301ticaIMG_8389-1-768x511.jpg 768w, https:\/\/www.digepres.gob.do\/fotos\/wp-content\/uploads\/2024\/09\/Capacitacio\u0301n-comisio\u0301n-e\u0301ticaIMG_8389-1-1536x1022.jpg 1536w, https:\/\/www.digepres.gob.do\/fotos\/wp-content\/uploads\/2024\/09\/Capacitacio\u0301n-comisio\u0301n-e\u0301ticaIMG_8389-1-2048x1363.jpg 2048w\" sizes=\"(max-width: 1024px) 100vw, 1024px\" \/><\/figure>\n\n\n\n<figure class=\"wp-block-image size-large\"><img loading=\"lazy\" decoding=\"async\" width=\"1024\" height=\"681\" data-id=\"1627\" src=\"https:\/\/www.digepres.gob.do\/fotos\/wp-content\/uploads\/2024\/09\/Capacitacio\u0301n-comisio\u0301n-e\u0301ticaIMG_8391-1-1024x681.jpg\" alt=\"\" class=\"wp-image-1627\" srcset=\"https:\/\/www.digepres.gob.do\/fotos\/wp-content\/uploads\/2024\/09\/Capacitacio\u0301n-comisio\u0301n-e\u0301ticaIMG_8391-1-1024x681.jpg 1024w, https:\/\/www.digepres.gob.do\/fotos\/wp-content\/uploads\/2024\/09\/Capacitacio\u0301n-comisio\u0301n-e\u0301ticaIMG_8391-1-300x200.jpg 300w, https:\/\/www.digepres.gob.do\/fotos\/wp-content\/uploads\/2024\/09\/Capacitacio\u0301n-comisio\u0301n-e\u0301ticaIMG_8391-1-768x511.jpg 768w, https:\/\/www.digepres.gob.do\/fotos\/wp-content\/uploads\/2024\/09\/Capacitacio\u0301n-comisio\u0301n-e\u0301ticaIMG_8391-1-1536x1022.jpg 1536w, https:\/\/www.digepres.gob.do\/fotos\/wp-content\/uploads\/2024\/09\/Capacitacio\u0301n-comisio\u0301n-e\u0301ticaIMG_8391-1-2048x1363.jpg 2048w\" sizes=\"(max-width: 1024px) 100vw, 1024px\" \/><\/figure>\n\n\n\n<figure class=\"wp-block-image size-large\"><img loading=\"lazy\" decoding=\"async\" width=\"1024\" height=\"681\" data-id=\"1635\" src=\"https:\/\/www.digepres.gob.do\/fotos\/wp-content\/uploads\/2024\/09\/Capacitacio\u0301n-comisio\u0301n-e\u0301ticaIMG_8394-1-1024x681.jpg\" alt=\"\" class=\"wp-image-1635\" srcset=\"https:\/\/www.digepres.gob.do\/fotos\/wp-content\/uploads\/2024\/09\/Capacitacio\u0301n-comisio\u0301n-e\u0301ticaIMG_8394-1-1024x681.jpg 1024w, https:\/\/www.digepres.gob.do\/fotos\/wp-content\/uploads\/2024\/09\/Capacitacio\u0301n-comisio\u0301n-e\u0301ticaIMG_8394-1-300x200.jpg 300w, https:\/\/www.digepres.gob.do\/fotos\/wp-content\/uploads\/2024\/09\/Capacitacio\u0301n-comisio\u0301n-e\u0301ticaIMG_8394-1-768x511.jpg 768w, https:\/\/www.digepres.gob.do\/fotos\/wp-content\/uploads\/2024\/09\/Capacitacio\u0301n-comisio\u0301n-e\u0301ticaIMG_8394-1-1536x1022.jpg 1536w, https:\/\/www.digepres.gob.do\/fotos\/wp-content\/uploads\/2024\/09\/Capacitacio\u0301n-comisio\u0301n-e\u0301ticaIMG_8394-1-2048x1363.jpg 2048w\" sizes=\"(max-width: 1024px) 100vw, 1024px\" \/><\/figure>\n\n\n\n<figure class=\"wp-block-image size-large\"><img loading=\"lazy\" decoding=\"async\" width=\"1024\" height=\"681\" data-id=\"1630\" src=\"https:\/\/www.digepres.gob.do\/fotos\/wp-content\/uploads\/2024\/09\/Capacitacio\u0301n-comisio\u0301n-e\u0301ticaIMG_8396-1-1024x681.jpg\" alt=\"\" class=\"wp-image-1630\" srcset=\"https:\/\/www.digepres.gob.do\/fotos\/wp-content\/uploads\/2024\/09\/Capacitacio\u0301n-comisio\u0301n-e\u0301ticaIMG_8396-1-1024x681.jpg 1024w, https:\/\/www.digepres.gob.do\/fotos\/wp-content\/uploads\/2024\/09\/Capacitacio\u0301n-comisio\u0301n-e\u0301ticaIMG_8396-1-300x200.jpg 300w, https:\/\/www.digepres.gob.do\/fotos\/wp-content\/uploads\/2024\/09\/Capacitacio\u0301n-comisio\u0301n-e\u0301ticaIMG_8396-1-768x511.jpg 768w, https:\/\/www.digepres.gob.do\/fotos\/wp-content\/uploads\/2024\/09\/Capacitacio\u0301n-comisio\u0301n-e\u0301ticaIMG_8396-1-1536x1022.jpg 1536w, https:\/\/www.digepres.gob.do\/fotos\/wp-content\/uploads\/2024\/09\/Capacitacio\u0301n-comisio\u0301n-e\u0301ticaIMG_8396-1-2048x1363.jpg 2048w\" sizes=\"(max-width: 1024px) 100vw, 1024px\" \/><\/figure>\n\n\n\n<figure class=\"wp-block-image size-large\"><img loading=\"lazy\" decoding=\"async\" width=\"1024\" height=\"681\" data-id=\"1631\" src=\"https:\/\/www.digepres.gob.do\/fotos\/wp-content\/uploads\/2024\/09\/Capacitacio\u0301n-comisio\u0301n-e\u0301ticaIMG_8397-1-1024x681.jpg\" alt=\"\" class=\"wp-image-1631\" srcset=\"https:\/\/www.digepres.gob.do\/fotos\/wp-content\/uploads\/2024\/09\/Capacitacio\u0301n-comisio\u0301n-e\u0301ticaIMG_8397-1-1024x681.jpg 1024w, https:\/\/www.digepres.gob.do\/fotos\/wp-content\/uploads\/2024\/09\/Capacitacio\u0301n-comisio\u0301n-e\u0301ticaIMG_8397-1-300x200.jpg 300w, https:\/\/www.digepres.gob.do\/fotos\/wp-content\/uploads\/2024\/09\/Capacitacio\u0301n-comisio\u0301n-e\u0301ticaIMG_8397-1-768x511.jpg 768w, https:\/\/www.digepres.gob.do\/fotos\/wp-content\/uploads\/2024\/09\/Capacitacio\u0301n-comisio\u0301n-e\u0301ticaIMG_8397-1-1536x1022.jpg 1536w, https:\/\/www.digepres.gob.do\/fotos\/wp-content\/uploads\/2024\/09\/Capacitacio\u0301n-comisio\u0301n-e\u0301ticaIMG_8397-1-2048x1363.jpg 2048w\" sizes=\"(max-width: 1024px) 100vw, 1024px\" \/><\/figure>\n\n\n\n<figure class=\"wp-block-image size-large\"><img loading=\"lazy\" decoding=\"async\" width=\"1024\" height=\"681\" data-id=\"1633\" src=\"https:\/\/www.digepres.gob.do\/fotos\/wp-content\/uploads\/2024\/09\/Capacitacio\u0301n-comisio\u0301n-e\u0301ticaIMG_8398-1-1024x681.jpg\" alt=\"\" class=\"wp-image-1633\" srcset=\"https:\/\/www.digepres.gob.do\/fotos\/wp-content\/uploads\/2024\/09\/Capacitacio\u0301n-comisio\u0301n-e\u0301ticaIMG_8398-1-1024x681.jpg 1024w, https:\/\/www.digepres.gob.do\/fotos\/wp-content\/uploads\/2024\/09\/Capacitacio\u0301n-comisio\u0301n-e\u0301ticaIMG_8398-1-300x200.jpg 300w, https:\/\/www.digepres.gob.do\/fotos\/wp-content\/uploads\/2024\/09\/Capacitacio\u0301n-comisio\u0301n-e\u0301ticaIMG_8398-1-768x511.jpg 768w, https:\/\/www.digepres.gob.do\/fotos\/wp-content\/uploads\/2024\/09\/Capacitacio\u0301n-comisio\u0301n-e\u0301ticaIMG_8398-1-1536x1022.jpg 1536w, https:\/\/www.digepres.gob.do\/fotos\/wp-content\/uploads\/2024\/09\/Capacitacio\u0301n-comisio\u0301n-e\u0301ticaIMG_8398-1-2048x1363.jpg 2048w\" sizes=\"(max-width: 1024px) 100vw, 1024px\" \/><\/figure>\n\n\n\n<figure class=\"wp-block-image size-large\"><img loading=\"lazy\" decoding=\"async\" width=\"1024\" height=\"681\" data-id=\"1636\" src=\"https:\/\/www.digepres.gob.do\/fotos\/wp-content\/uploads\/2024\/09\/Capacitacio\u0301n-comisio\u0301n-e\u0301ticaIMG_8405-1024x681.jpg\" alt=\"\" class=\"wp-image-1636\" srcset=\"https:\/\/www.digepres.gob.do\/fotos\/wp-content\/uploads\/2024\/09\/Capacitacio\u0301n-comisio\u0301n-e\u0301ticaIMG_8405-1024x681.jpg 1024w, https:\/\/www.digepres.gob.do\/fotos\/wp-content\/uploads\/2024\/09\/Capacitacio\u0301n-comisio\u0301n-e\u0301ticaIMG_8405-300x200.jpg 300w, https:\/\/www.digepres.gob.do\/fotos\/wp-content\/uploads\/2024\/09\/Capacitacio\u0301n-comisio\u0301n-e\u0301ticaIMG_8405-768x511.jpg 768w, https:\/\/www.digepres.gob.do\/fotos\/wp-content\/uploads\/2024\/09\/Capacitacio\u0301n-comisio\u0301n-e\u0301ticaIMG_8405-1536x1022.jpg 1536w, https:\/\/www.digepres.gob.do\/fotos\/wp-content\/uploads\/2024\/09\/Capacitacio\u0301n-comisio\u0301n-e\u0301ticaIMG_8405-2048x1363.jpg 2048w\" sizes=\"(max-width: 1024px) 100vw, 1024px\" \/><\/figure>\n\n\n\n<figure class=\"wp-block-image size-large\"><img loading=\"lazy\" decoding=\"async\" width=\"1024\" height=\"681\" data-id=\"1628\" src=\"https:\/\/www.digepres.gob.do\/fotos\/wp-content\/uploads\/2024\/09\/Capacitacio\u0301n-comisio\u0301n-e\u0301ticaIMG_8407-1-1024x681.jpg\" alt=\"\" class=\"wp-image-1628\" srcset=\"https:\/\/www.digepres.gob.do\/fotos\/wp-content\/uploads\/2024\/09\/Capacitacio\u0301n-comisio\u0301n-e\u0301ticaIMG_8407-1-1024x681.jpg 1024w, https:\/\/www.digepres.gob.do\/fotos\/wp-content\/uploads\/2024\/09\/Capacitacio\u0301n-comisio\u0301n-e\u0301ticaIMG_8407-1-300x200.jpg 300w, https:\/\/www.digepres.gob.do\/fotos\/wp-content\/uploads\/2024\/09\/Capacitacio\u0301n-comisio\u0301n-e\u0301ticaIMG_8407-1-768x511.jpg 768w, https:\/\/www.digepres.gob.do\/fotos\/wp-content\/uploads\/2024\/09\/Capacitacio\u0301n-comisio\u0301n-e\u0301ticaIMG_8407-1-1536x1022.jpg 1536w, https:\/\/www.digepres.gob.do\/fotos\/wp-content\/uploads\/2024\/09\/Capacitacio\u0301n-comisio\u0301n-e\u0301ticaIMG_8407-1-2048x1363.jpg 2048w\" sizes=\"(max-width: 1024px) 100vw, 1024px\" \/><\/figure>\n\n\n\n<figure class=\"wp-block-image size-large\"><img loading=\"lazy\" decoding=\"async\" width=\"1024\" height=\"681\" data-id=\"1629\" src=\"https:\/\/www.digepres.gob.do\/fotos\/wp-content\/uploads\/2024\/09\/Capacitacio\u0301n-comisio\u0301n-e\u0301ticaIMG_8408-1024x681.jpg\" alt=\"\" class=\"wp-image-1629\" srcset=\"https:\/\/www.digepres.gob.do\/fotos\/wp-content\/uploads\/2024\/09\/Capacitacio\u0301n-comisio\u0301n-e\u0301ticaIMG_8408-1024x681.jpg 1024w, https:\/\/www.digepres.gob.do\/fotos\/wp-content\/uploads\/2024\/09\/Capacitacio\u0301n-comisio\u0301n-e\u0301ticaIMG_8408-300x200.jpg 300w, https:\/\/www.digepres.gob.do\/fotos\/wp-content\/uploads\/2024\/09\/Capacitacio\u0301n-comisio\u0301n-e\u0301ticaIMG_8408-768x511.jpg 768w, https:\/\/www.digepres.gob.do\/fotos\/wp-content\/uploads\/2024\/09\/Capacitacio\u0301n-comisio\u0301n-e\u0301ticaIMG_8408-1536x1022.jpg 1536w, https:\/\/www.digepres.gob.do\/fotos\/wp-content\/uploads\/2024\/09\/Capacitacio\u0301n-comisio\u0301n-e\u0301ticaIMG_8408-2048x1363.jpg 2048w\" sizes=\"(max-width: 1024px) 100vw, 1024px\" \/><\/figure>\n\n\n\n<figure class=\"wp-block-image size-large\"><img loading=\"lazy\" decoding=\"async\" width=\"1024\" height=\"681\" data-id=\"1632\" src=\"https:\/\/www.digepres.gob.do\/fotos\/wp-content\/uploads\/2024\/09\/Capacitacio\u0301n-comisio\u0301n-e\u0301ticaIMG_8412-1024x681.jpg\" alt=\"\" class=\"wp-image-1632\" srcset=\"https:\/\/www.digepres.gob.do\/fotos\/wp-content\/uploads\/2024\/09\/Capacitacio\u0301n-comisio\u0301n-e\u0301ticaIMG_8412-1024x681.jpg 1024w, https:\/\/www.digepres.gob.do\/fotos\/wp-content\/uploads\/2024\/09\/Capacitacio\u0301n-comisio\u0301n-e\u0301ticaIMG_8412-300x200.jpg 300w, https:\/\/www.digepres.gob.do\/fotos\/wp-content\/uploads\/2024\/09\/Capacitacio\u0301n-comisio\u0301n-e\u0301ticaIMG_8412-768x511.jpg 768w, https:\/\/www.digepres.gob.do\/fotos\/wp-content\/uploads\/2024\/09\/Capacitacio\u0301n-comisio\u0301n-e\u0301ticaIMG_8412-1536x1022.jpg 1536w, https:\/\/www.digepres.gob.do\/fotos\/wp-content\/uploads\/2024\/09\/Capacitacio\u0301n-comisio\u0301n-e\u0301ticaIMG_8412-2048x1363.jpg 2048w\" sizes=\"(max-width: 1024px) 100vw, 1024px\" \/><\/figure>\n<\/figure>\n","protected":false},"excerpt":{"rendered":"","protected":false},"author":2,"featured_media":1621,"comment_status":"open","ping_status":"open","sticky":false,"template":"","format":"standard","meta":{"footnotes":""},"categories":[1],"tags":[],"class_list":["post-1602","post","type-post","status-publish","format-standard","has-post-thumbnail","hentry","category-uncategorized"],"_links":{"self":[{"href":"https:\/\/www.digepres.gob.do\/fotos\/wp-json\/wp\/v2\/posts\/1602","targetHints":{"allow":["GET"]}}],"collection":[{"href":"https:\/\/www.digepres.gob.do\/fotos\/wp-json\/wp\/v2\/posts"}],"about":[{"href":"https:\/\/www.digepres.gob.do\/fotos\/wp-json\/wp\/v2\/types\/post"}],"author":[{"embeddable":true,"href":"https:\/\/www.digepres.gob.do\/fotos\/wp-json\/wp\/v2\/users\/2"}],"replies":[{"embeddable":true,"href":"https:\/\/www.digepres.gob.do\/fotos\/wp-json\/wp\/v2\/comments?post=1602"}],"version-history":[{"count":4,"href":"https:\/\/www.digepres.gob.do\/fotos\/wp-json\/wp\/v2\/posts\/1602\/revisions"}],"predecessor-version":[{"id":1638,"href":"https:\/\/www.digepres.gob.do\/fotos\/wp-json\/wp\/v2\/posts\/1602\/revisions\/1638"}],"wp:featuredmedia":[{"embeddable":true,"href":"https:\/\/www.digepres.gob.do\/fotos\/wp-json\/wp\/v2\/media\/1621"}],"wp:attachment":[{"href":"https:\/\/www.digepres.gob.do\/fotos\/wp-json\/wp\/v2\/media?parent=1602"}],"wp:term":[{"taxonomy":"category","embeddable":true,"href":"https:\/\/www.digepres.gob.do\/fotos\/wp-json\/wp\/v2\/categories?post=1602"},{"taxonomy":"post_tag","embeddable":true,"href":"https:\/\/www.digepres.gob.do\/fotos\/wp-json\/wp\/v2\/tags?post=1602"}],"curies":[{"name":"wp","href":"https:\/\/api.w.org\/{rel}","templated":true}]}}